{"id":769,"date":"2018-04-11T12:59:29","date_gmt":"2018-04-11T10:59:29","guid":{"rendered":"https:\/\/voresbrabrand.dk\/lokalefortaellinger\/?p=769"},"modified":"2018-04-11T12:59:29","modified_gmt":"2018-04-11T10:59:29","slug":"lockout-laerere-oensker-varslingsregler-og-mere-forberedelsestid","status":"publish","type":"post","link":"https:\/\/voresbrabrand.dk\/lokalefortaellinger\/lockout-laerere-oensker-varslingsregler-og-mere-forberedelsestid\/","title":{"rendered":"LOCKOUT: L\u00e6rere \u00f8nsker varslingsregler og mere forberedelsestid"},"content":{"rendered":"<p><img fetchpriority=\"high\" decoding=\"async\" class=\"aligncenter size-large wp-image-794\" src=\"https:\/\/voresbrabrand.dk\/lokalefortaellinger\/wp-content\/uploads\/sites\/7\/2018\/04\/2-1024x597.png\" alt=\"\" width=\"1024\" height=\"597\" srcset=\"https:\/\/voresbrabrand.dk\/lokalefortaellinger\/wp-content\/uploads\/sites\/7\/2018\/04\/2-1024x597.png 1024w, https:\/\/voresbrabrand.dk\/lokalefortaellinger\/wp-content\/uploads\/sites\/7\/2018\/04\/2-300x175.png 300w, https:\/\/voresbrabrand.dk\/lokalefortaellinger\/wp-content\/uploads\/sites\/7\/2018\/04\/2-450x262.png 450w, https:\/\/voresbrabrand.dk\/lokalefortaellinger\/wp-content\/uploads\/sites\/7\/2018\/04\/2.png 1920w\" sizes=\"(max-width: 1024px) 100vw, 1024px\" \/><\/p>\n<p><b>En lockout kan tr\u00e6de i kraft den 28. april. Hvis den g\u00f8r det, kan det have store konsekvenser for l\u00e6rere og elever landet over.<\/b><\/p>\n<p><em>Af Anders B\u00f8cher Brandt, Mathilde Skov Pedersen og Michelle Amby Degn<\/em><\/p>\n<p><span style=\"font-weight: 400\">L\u00f8n, arbejdsgiverbetalt frokostpause og arbejdstid. Disse tre elementer er omdrejningspunkter i den nuv\u00e6rende forhandling mellem Kommunernes Landsforening og l\u00e6rerne. Det er is\u00e6r arbejdstid, der har stor betydning for l\u00e6rerne:<\/span><\/p>\n<p><span style=\"font-weight: 400\">\u201dJeg har h\u00f8rt flere kolleger sige, at de er fuldst\u00e6ndigt ligeglade med l\u00f8nforh\u00f8jelse &#8211; de vil hellere have nogle t\u00e5lelige arbejdsvilk\u00e5r at arbejde under,\u201d fort\u00e6ller Morten H\u00f8jbjerre, der er l\u00e6rer og tillidsrepr\u00e6sentant p\u00e5 S\u00f8dalskolen i Brabrand.<\/span><\/p>\n<h4>Arbejdstiden<\/h4>\n<p><span style=\"font-weight: 400\">I \u00f8jeblikket har l\u00e6rerne ikke en overenskomst, der d\u00e6kker arbejdstidsaftaler, som alle andre parter p\u00e5 arbejdsmarkedet.<\/span><\/p>\n<p><span style=\"font-weight: 400\">\u201dL\u00e6rerforeningen arbejder p\u00e5 at give l\u00e6rerne nogle bedre rammer og arbejdsvilk\u00e5r, som svarer til andre offentligt ansatte,\u201d p\u00e5peger Morten H\u00f8jbjerre.<\/span><\/p>\n<p><span style=\"font-weight: 400\">Han uddyber, at konflikten til dels handler om varslingsregler. L\u00e6rerne f\u00e5r ingen varsel i forhold til overarbejde, og de kan i princippet blive kaldt p\u00e5 arbejde med en dags varsel. P\u00e5 den m\u00e5de kan de aldrig f\u00f8le sig helt sikre p\u00e5, hvorn\u00e5r de har fri, og hvorn\u00e5r de forventes at arbejde.<\/span><\/p>\n<p><span style=\"font-weight: 400\">Forberedelsestid er desuden et af hovedpunkterne p\u00e5 l\u00e6rernes dagsordenen. Morten H\u00f8jbjerre forklarer, at l\u00e6rerne f\u00f8ler sig meget udfordret i forhold til hvor lidt tid, der er til at forberede undervisningen. Derudover g\u00e5r meget af arbejdstiden med andre opgaver:<\/span><\/p>\n<p><span style=\"font-weight: 400\">\u201dEn del af arbejdstiden bruges ikke p\u00e5 forberedelse og undervisning, men p\u00e5 tilsyn med b\u00f8rnene &#8211; det er en st\u00f8rre opgave, som man skal have med i den kabale,\u201d udtaler han.<\/span><\/p>\n<p><span style=\"font-weight: 400\">L\u00e6rernes tid bliver ogs\u00e5 optaget af administrativt arbejde og samtaler med elever, for\u00e6ldre, kollegaer samt samarbejdspartnere uden for skolen.<\/span><\/p>\n<p><span style=\"font-weight: 400\">\u201dJeg forestiller mig, at mange l\u00e6rere dr\u00f8mmer sig tilbage til dengang, man havde overskud til at g\u00f8re mere end det, der lige var sin pligt ved at arrangere nogle ekstra ting med b\u00f8rnene. Man er blevet mere skarp til at t\u00e6lle sin arbejdstid, og det er rigtig \u00e6rgerligt, fordi det er noget af det, der g\u00f8r, man f\u00e5r et godt forhold til klassen,\u201d siger Morten H\u00f8jbjerre.<\/span><\/p>\n<h4>Konsekvenser<\/h4>\n<p><span style=\"font-weight: 400\">Lockouten kan f\u00e5 store konsekvenser for l\u00e6rere og elever. For l\u00e6rerne vil det f\u00f8rst og fremmest betyde, at de ikke m\u00e5 g\u00e5 p\u00e5 arbejde. Derudover f\u00e5r de ikke udbetalt l\u00f8n, imens lockouten st\u00e5r p\u00e5. \u00a0\u00a0\u00a0\u00a0<\/span><\/p>\n<p><span style=\"font-weight: 400\">\u201dDet vil ramme os p\u00e5 tegnebogen. L\u00e6rernes Fagforening tilbyder et konfliktl\u00e5n i den tid, man er lockoutet, og det er et l\u00e5n, der skal betales tilbage hen over en given periode,\u201d siger Morten H\u00f8jbjerre.<\/span><\/p>\n<p><span style=\"font-weight: 400\">Samtidig er han ogs\u00e5 bekymret over, hvordan arbejdsmilj\u00f8et vil blive for l\u00e6rerne, hvis der sker et lovindgreb, som tilgodeser arbejdsgiveren og ikke im\u00f8dekommer l\u00e6rerne.<\/span><\/p>\n<p><span style=\"font-weight: 400\">Han reflekterer over, hvad der skete ved lockouten i 2013. Han husker, at l\u00e6rerne f\u00f8lte sig forurettet og meget d\u00e5rligt behandlet. Han fort\u00e6ller: \u00a0\u00a0<\/span><\/p>\n<p><span style=\"font-weight: 400\">\u201dHvis det sker igen, kommer det for det f\u00f8rste til at rippe op i nogle gamle s\u00e5r, der m\u00e5ske stadig ikke er helet. For det andet tror jeg, det kommer til at have konsekvenser for arbejdsmilj\u00f8et. Jo d\u00e5rligere arbejdsmilj\u00f8, jo st\u00f8rre er tendensen ofte til, at der bliver flere sygemeldinger, og man kunne ogs\u00e5 frygte, at der er flere, der s\u00f8ger noget nyt.\u201d<\/span><\/p>\n<p><span style=\"font-weight: 400\">For eleverne vil det kunne komme til at g\u00e5 ud over deres undervisning. Og hvis konflikten str\u00e6kker sig langt ind i maj, vil eleverne ikke kunne deltage i de skriftlige eksaminer. Han vurderer dog, at eleverne ikke er s\u00e5 nerv\u00f8se for at miste deres undervisning.<\/span><\/p>\n<p><span style=\"font-weight: 400\">\u201dJeg tror egentligt bare, de fleste af dem synes, det er fedt at f\u00e5 lidt ekstra fridage. S\u00e5dan er det i hvert fald i min 7. klasse,\u201d griner han.<\/span><\/p>\n<h4>Fremtidsudsigter<\/h4>\n<p><span style=\"font-weight: 400\">Det er stadig uklart, om der kommer en lockout eller ej. Morten H\u00f8jbjerre er dog h\u00e5befuld for, at der bliver lavet en aftale, s\u00e5 lockouten kan undg\u00e5s:<\/span><\/p>\n<p><span style=\"font-weight: 400\">\u201cMit h\u00e5b er, at man f\u00e5r lavet et forlig. Men jeg har sv\u00e6rt ved at se, at arbejdsgiverne er klar til at komme os i m\u00f8de med arbejdstidsreglerne. Vi kan ikke regne med, at vi f\u00e5r vores \u00f8nskescenarie, s\u00e5 vi f\u00e5r den m\u00e6ngde forberedelsestid, som vi \u00f8nsker,\u201d siger han. <\/span><\/p>\n<p><span style=\"font-weight: 400\">Hvis l\u00e6rerne skal have mere forberedelsestid, g\u00e5r det dog ud over andre opgaver, og det mener Morten H\u00f8jbjerre ikke er et realistisk scenarie:<\/span><\/p>\n<p><span style=\"font-weight: 400\">\u201cS\u00e5 er der kun undervisningen at sk\u00e6re af, og hvis den skal sk\u00e6res ned, s\u00e5 betyder det, at der m\u00e5ske skal ans\u00e6ttes flere l\u00e6rere, og det bliver dyrere,\u201d forklarer Morten H\u00f8jbjerre.<\/span><\/p>\n<p><span style=\"font-weight: 400\">Senest den 18. april ved man, om lockouten bliver en realitet. Forligskvinden, Mette Christensen, kan inden da forl\u00e6nge forhandlingerne yderligere 14 dage, s\u00e5 lockouten f\u00f8rst vil tr\u00e6de i kraft i starten af maj. Dette vil give parterne mere tid til at udforme en endelig aftale.<\/span><\/p>\n<p>&nbsp;<\/p>\n<table>\n<tbody>\n<tr>\n<td style=\"background-color: #ffcc33;padding: 5px\"><b>\u00a0FAKTA<\/b><\/p>\n<ul>\n<li><span style=\"font-weight: 400\">Konflikten mellem arbejdstagerne og arbejdsgiverne omhandler tre hovedpunkter: L\u00f8n, betalt frokostpause og arbejdstid.<\/span><\/li>\n<\/ul>\n<ol>\n<li><span style=\"font-weight: 400\">De offentligt ansatte mener, at deres l\u00f8n skal f\u00f8lge den private sektor. Centralorganisationernes Landsforening mener, at et s\u00e5kaldt \u201cl\u00f8ngab\u201d ikke eksisterer.<\/span><\/li>\n<li><span style=\"font-weight: 400\">I 2017 blev den betalte frokostpause fjernet fra Finansministeriets side, hvilket resulterede i 2,5 timers forl\u00e6nget arbejde for samme l\u00f8n.<\/span><\/li>\n<li><span style=\"font-weight: 400\">I \u00f8jeblikket har l\u00e6rerne ikke en overenskomst, der d\u00e6kker arbejdstidsaftaler og sikrer l\u00f8n for overarbejde.<\/span><\/li>\n<\/ol>\n<ul>\n<li style=\"font-weight: 400\"><span style=\"font-weight: 400\">Den 18. april ved vi, om lockout og\/eller strejke kan blive en realitet. En strejke vil g\u00e5 i gang d. 22 april, og lockout vil tr\u00e6de i kraft d. 28 april.<\/span><\/li>\n<\/ul>\n<p>Kilde: DJ\u00d8F<\/td>\n<\/tr>\n<\/tbody>\n<\/table>\n","protected":false},"excerpt":{"rendered":"<\/p>\n<p>En lockout kan tr\u00e6de i kraft den 28. april. Hvis den g\u00f8r det, kan det have store konsekvenser for l\u00e6rere og elever landet over.<\/p>\n<p><em>Af Anders B\u00f8cher Brandt,<\/em><\/p>\n<p>  <a href=\"https:\/\/voresbrabrand.dk\/lokalefortaellinger\/lockout-laerere-oensker-varslingsregler-og-mere-forberedelsestid\/\">&nbsp;&raquo;&nbsp;Read more about: LOCKOUT: L\u00e6rere \u00f8nsker varslingsregler og mere forberedelsestid &nbsp;&raquo;<\/a><\/p>\n","protected":false},"author":4,"featured_media":0,"comment_status":"open","ping_status":"open","sticky":false,"template":"","format":"standard","meta":{"_relevanssi_hide_post":"","_relevanssi_hide_content":"","_relevanssi_pin_for_all":"","_relevanssi_pin_keywords":"","_relevanssi_unpin_keywords":"","_relevanssi_related_keywords":"","_relevanssi_related_include_ids":"","_relevanssi_related_exclude_ids":"","_relevanssi_related_no_append":"","_relevanssi_related_not_related":"","_relevanssi_related_posts":"","_relevanssi_noindex_reason":"","footnotes":""},"categories":[1,59],"tags":[134,124,27,64],"class_list":["post-769","post","type-post","status-publish","format-standard","category-news","category-beskaeftigelseoguddannelse","tag-lockout","tag-soedalskolen","tag-uddannelse","tag-vores-brabrand","entry","has-post-thumbnail"],"_links":{"self":[{"href":"https:\/\/voresbrabrand.dk\/lokalefortaellinger\/wp-json\/wp\/v2\/posts\/769","targetHints":{"allow":["GET"]}}],"collection":[{"href":"https:\/\/voresbrabrand.dk\/lokalefortaellinger\/wp-json\/wp\/v2\/posts"}],"about":[{"href":"https:\/\/voresbrabrand.dk\/lokalefortaellinger\/wp-json\/wp\/v2\/types\/post"}],"author":[{"embeddable":true,"href":"https:\/\/voresbrabrand.dk\/lokalefortaellinger\/wp-json\/wp\/v2\/users\/4"}],"replies":[{"embeddable":true,"href":"https:\/\/voresbrabrand.dk\/lokalefortaellinger\/wp-json\/wp\/v2\/comments?post=769"}],"version-history":[{"count":0,"href":"https:\/\/voresbrabrand.dk\/lokalefortaellinger\/wp-json\/wp\/v2\/posts\/769\/revisions"}],"wp:attachment":[{"href":"https:\/\/voresbrabrand.dk\/lokalefortaellinger\/wp-json\/wp\/v2\/media?parent=769"}],"wp:term":[{"taxonomy":"category","embeddable":true,"href":"https:\/\/voresbrabrand.dk\/lokalefortaellinger\/wp-json\/wp\/v2\/categories?post=769"},{"taxonomy":"post_tag","embeddable":true,"href":"https:\/\/voresbrabrand.dk\/lokalefortaellinger\/wp-json\/wp\/v2\/tags?post=769"}],"curies":[{"name":"wp","href":"https:\/\/api.w.org\/{rel}","templated":true}]}}