{"id":3504,"date":"2020-03-30T17:37:38","date_gmt":"2020-03-30T15:37:38","guid":{"rendered":"https:\/\/voresbrabrand.dk\/lokalefortaellinger\/?p=3504"},"modified":"2020-03-30T18:02:11","modified_gmt":"2020-03-30T16:02:11","slug":"en-ny-cafe-skal-naere-lokallivet-i-brabrand","status":"publish","type":"post","link":"https:\/\/voresbrabrand.dk\/lokalefortaellinger\/en-ny-cafe-skal-naere-lokallivet-i-brabrand\/","title":{"rendered":"En ny caf\u00e9 skal n\u00e6re lokallivet i Brabrand"},"content":{"rendered":"<p><img fetchpriority=\"high\" decoding=\"async\" class=\"alignnone size-full wp-image-3505\" src=\"https:\/\/voresbrabrand.dk\/lokalefortaellinger\/wp-content\/uploads\/sites\/7\/2020\/03\/Billede_Sigrids-Caf\u00e9.png\" alt=\"\" width=\"1256\" height=\"1144\" srcset=\"https:\/\/voresbrabrand.dk\/lokalefortaellinger\/wp-content\/uploads\/sites\/7\/2020\/03\/Billede_Sigrids-Caf\u00e9.png 1256w, https:\/\/voresbrabrand.dk\/lokalefortaellinger\/wp-content\/uploads\/sites\/7\/2020\/03\/Billede_Sigrids-Caf\u00e9-300x273.png 300w, https:\/\/voresbrabrand.dk\/lokalefortaellinger\/wp-content\/uploads\/sites\/7\/2020\/03\/Billede_Sigrids-Caf\u00e9-1024x933.png 1024w, https:\/\/voresbrabrand.dk\/lokalefortaellinger\/wp-content\/uploads\/sites\/7\/2020\/03\/Billede_Sigrids-Caf\u00e9-450x410.png 450w\" sizes=\"(max-width: 1256px) 100vw, 1256px\" \/><\/p>\n<p>Et lydindslag produceret af Emma Iben Sahl Frederiksen.<\/p>\n<p>Emma har taget en snak med kaospiloterne <span style=\"font-weight: 400\">Emma Leth og <\/span><span style=\"font-weight: 400\">Josephine Graff Vallant om et nyt, sp\u00e6ndende projekt, som folk i Gellerup kan se frem til at medvirke i. En ny og social caf\u00e9 venter nemlig p\u00e5 at sl\u00e5 d\u00f8rene op for Gellerups lokale og g\u00e6sterne kan selv v\u00e6re med til at pr\u00e6ge den. <\/span><\/p>\n<p><strong>Lyt med!\u00a0<\/strong><\/p>\n<audio class=\"wp-audio-shortcode\" id=\"audio-3504-1\" preload=\"none\" style=\"width: 100%;\" controls=\"controls\"><source type=\"audio\/mpeg\" src=\"https:\/\/voresbrabrand.dk\/lokalefortaellinger\/wp-content\/uploads\/sites\/7\/2020\/03\/Sigrids-caf\u00e9-indslag.mp3?_=1\" \/><a href=\"https:\/\/voresbrabrand.dk\/lokalefortaellinger\/wp-content\/uploads\/sites\/7\/2020\/03\/Sigrids-caf\u00e9-indslag.mp3\">https:\/\/voresbrabrand.dk\/lokalefortaellinger\/wp-content\/uploads\/sites\/7\/2020\/03\/Sigrids-caf\u00e9-indslag.mp3<\/a><\/audio>\n","protected":false},"excerpt":{"rendered":"<\/p>\n<p>Et lydindslag produceret af Emma Iben Sahl Frederiksen.<\/p>\n<p>Emma har taget en snak med kaospiloterne Emma Leth og Josephine Graff Vallant om et nyt, sp\u00e6ndende projekt,<\/p>\n<p>  <a href=\"https:\/\/voresbrabrand.dk\/lokalefortaellinger\/en-ny-cafe-skal-naere-lokallivet-i-brabrand\/\">&nbsp;&raquo;&nbsp;Read more about: En ny caf\u00e9 skal n\u00e6re lokallivet i Brabrand &nbsp;&raquo;<\/a><\/p>\n","protected":false},"author":153,"featured_media":3505,"comment_status":"open","ping_status":"closed","sticky":false,"template":"","format":"standard","meta":{"_relevanssi_hide_post":"","_relevanssi_hide_content":"","_relevanssi_pin_for_all":"","_relevanssi_pin_keywords":"","_relevanssi_unpin_keywords":"","_relevanssi_related_keywords":"","_relevanssi_related_include_ids":"","_relevanssi_related_exclude_ids":"","_relevanssi_related_no_append":"","_relevanssi_related_not_related":"","_relevanssi_related_posts":"","_relevanssi_noindex_reason":"","footnotes":""},"categories":[1,426],"tags":[487,37,489,353,490],"class_list":["post-3504","post","type-post","status-publish","format-standard","has-post-thumbnail","category-news","category-bagfacaden","tag-bagfacaden","tag-brabrand","tag-sigrids-cafe","tag-sigrids-stue","tag-tegnestue","entry"],"_links":{"self":[{"href":"https:\/\/voresbrabrand.dk\/lokalefortaellinger\/wp-json\/wp\/v2\/posts\/3504","targetHints":{"allow":["GET"]}}],"collection":[{"href":"https:\/\/voresbrabrand.dk\/lokalefortaellinger\/wp-json\/wp\/v2\/posts"}],"about":[{"href":"https:\/\/voresbrabrand.dk\/lokalefortaellinger\/wp-json\/wp\/v2\/types\/post"}],"author":[{"embeddable":true,"href":"https:\/\/voresbrabrand.dk\/lokalefortaellinger\/wp-json\/wp\/v2\/users\/153"}],"replies":[{"embeddable":true,"href":"https:\/\/voresbrabrand.dk\/lokalefortaellinger\/wp-json\/wp\/v2\/comments?post=3504"}],"version-history":[{"count":0,"href":"https:\/\/voresbrabrand.dk\/lokalefortaellinger\/wp-json\/wp\/v2\/posts\/3504\/revisions"}],"wp:featuredmedia":[{"embeddable":true,"href":"https:\/\/voresbrabrand.dk\/lokalefortaellinger\/wp-json\/wp\/v2\/media\/3505"}],"wp:attachment":[{"href":"https:\/\/voresbrabrand.dk\/lokalefortaellinger\/wp-json\/wp\/v2\/media?parent=3504"}],"wp:term":[{"taxonomy":"category","embeddable":true,"href":"https:\/\/voresbrabrand.dk\/lokalefortaellinger\/wp-json\/wp\/v2\/categories?post=3504"},{"taxonomy":"post_tag","embeddable":true,"href":"https:\/\/voresbrabrand.dk\/lokalefortaellinger\/wp-json\/wp\/v2\/tags?post=3504"}],"curies":[{"name":"wp","href":"https:\/\/api.w.org\/{rel}","templated":true}]}}