{"id":3499,"date":"2020-03-30T17:20:23","date_gmt":"2020-03-30T15:20:23","guid":{"rendered":"https:\/\/voresbrabrand.dk\/lokalefortaellinger\/?p=3499"},"modified":"2020-03-30T17:20:23","modified_gmt":"2020-03-30T15:20:23","slug":"helhedsplanen-for-gellerup-toveshoej-kan-ses-som-et-middel-til-at-skabe-integration","status":"publish","type":"post","link":"https:\/\/voresbrabrand.dk\/lokalefortaellinger\/helhedsplanen-for-gellerup-toveshoej-kan-ses-som-et-middel-til-at-skabe-integration\/","title":{"rendered":"Helhedsplanen for Gellerup-Tovesh\u00f8j kan ses som et middel til at skabe integration"},"content":{"rendered":"<p><em>\u00a0<\/em><em>Af Sofie Harbo Overgaard og Lotte Thorb\u00f8ll Juhl <\/em><\/p>\n<h3>Helhedsplanen for Gellerup-Tovesh\u00f8j er netop sat i gang af Aarhus Kommune og Brabrand Boligforening. En beboer forklarer sit syn p\u00e5, hvordan omr\u00e5det udvikler sig.<\/h3>\n<p>\u201dDa mine to gymnasiekammerater og jeg skulle flytte til Aarhus p\u00e5 grund af studiestart, kom vi i lejlighedsn\u00f8d. Tiden tikkende, og vi fik hverken svar fra ungdomsboliger eller kollegier. Der var ingen andre steder at flytte hen end til Gellerup-Tovesh\u00f8j\u201d, siger Anders Kristian K\u00fchl, som bor i Gellerup-Tovesh\u00f8j.<\/p>\n<p>Anders K\u00fchl har boet i Gellerup-Tovesh\u00f8j siden 2014. Han bor p\u00e5 nuv\u00e6rende tidspunkt i en normal boligblok, som ikke skal fuldst\u00e6ndig istands\u00e6ttes.<\/p>\n<p>Gellerup-Tovesh\u00f8j har siden sin opf\u00f8relse sidst i 1960\u2019erne udviklet sig til at v\u00e6re et socialt udsat boligomr\u00e5de. Aarhus Kommune og Brabrand Boligforening har derfor udarbejdet en helhedsplan, som har til hensigt at forandre kvarteret til en attraktiv bydel.<\/p>\n<p>\u201dJeg er stor fan af det, det bliver en god dag, n\u00e5r folk ikke l\u00e6ngere associerer ordet \u2019Gellerup\u2019 med en ghetto. S\u00e5 l\u00e6nge folk, der har boet her, f\u00e5r ordentlige steder at bo\u201d, siger Anders K\u00fchl.<\/p>\n<p>Et af helhedsplanens st\u00f8rste initiativer er at rive de tidligere boligblokke ned og lave dem om til nyistandsatte lejligheder. Derudover \u00e6ndrer helhedsplanen ogs\u00e5 Gellerup-Tovesh\u00f8js bybillede. Eksempelvis \u00e6ndres infrastrukturen i h\u00e5b om at forandre beboernes f\u00e6rdselsm\u00f8nstre samt muligheden for, at der opst\u00e5r nye arbejdspladser.<\/p>\n<p><strong>Er helhedsplanen en fair m\u00e5de at integrere nykommere p\u00e5?<\/strong><\/p>\n<p>If\u00f8lge Silvia Adamo, som er lektor i udl\u00e6ndinge- og integrationsret p\u00e5 K\u00f8benhavns Universitet, er der mange definitioner af, hvad god integration er.<\/p>\n<p>\u201dGod integration er, inden for mit felt, en kombination af en udl\u00e6ndinges indsats til at v\u00e6re en del af et nyt samfund, sammen med en \u00e5benhed fra det modtagende samfund over for de ny medborgere. Det er en tilpasningsprocs, der g\u00e5r begge veje\u201d, siger Silvia Adamo.<\/p>\n<p>Anders K\u00fchl som er etnisk dansker, og som er bosat i Gellerup, fort\u00e6ller, at fordommene ogs\u00e5 spiller ind i beslutningen omkring helhedsplanen.<\/p>\n<p>\u201dDet folk udefra ikke t\u00e6nker p\u00e5 er, at alle her er helt almindelige mennesker. De fleste pr\u00f8ver at leve deres liv bedst muligt. Jeg har aldrig haft problemer med naboerne selvom, at fem af naboerne hedder Mohammed til fornavn\u201d, fort\u00e6ller Anders K\u00fchl.<\/p>\n<p>If\u00f8lge Silvia Adamo, er Danmark ikke fuldst\u00e6ndig et multikulturelt samfund.<\/p>\n<p>\u201dVi har en flerhed af etnicitet, religioner og nationaliteter bosiddende i Danmark. Regeringens politikker promoverer kun \u00e9n etnicitet og kultur, og det er den danske. Det er den, som nykommere skal integreres i\u201d, forklarer Silvia Adamo.<\/p>\n<figure id=\"attachment_3502\" aria-describedby=\"caption-attachment-3502\" style=\"width: 137px\" class=\"wp-caption alignright\"><img decoding=\"async\" class=\"size-full wp-image-3502\" src=\"https:\/\/voresbrabrand.dk\/lokalefortaellinger\/wp-content\/uploads\/sites\/7\/2020\/03\/billede-1.png\" alt=\"\" width=\"137\" height=\"96\" \/><figcaption id=\"caption-attachment-3502\" class=\"wp-caption-text\">Gellerup-Tovesh\u00f8j boligblok som skal rives ned. Her har nogle beboere sat et banner p\u00e5 deres altaner, hvor der st\u00e5r \u201dNEJ TIL NEDRIVNINGER\u201d<br \/>Foto: Sofie Harbo Overgaard<\/figcaption><\/figure>\n<p>Om projektet tilh\u00f8rer Adamos definition af god integration, n\u00e5r nykommere udelukkende skal integreres i den danske kultur, er en vurderingssag. Hvis nykommere ikke f\u00f8ler, at de h\u00f8rer til eller, at de har rettigheder til at stemme, s\u00e5 er der ikke tale om integration, men om et heterogent samfund, forklarer Silvia Adamo.<\/p>\n<p><strong>Helhedsplanen skaber bedre foruds\u00e6tninger for Gellerup-Tovesh\u00f8j<\/strong><\/p>\n<p>Helhedsplanen truer den gode integration, hvis nykommere ikke f\u00f8ler sig som en del af planen. Dog er arrang\u00f8rernes intention bag projektet god, da helhedsplanen vil komme til at underst\u00f8tte den enkeltes livsgl\u00e6de, identitet, tryghed og skabe fredelig interaktion mellem mennesker. Anders K\u00fchl, som bor i Gellerup, anser ogs\u00e5 projektet som et positivt tiltag.<\/p>\n<p>\u201dNedrivningerne af det gamle og opf\u00f8relsen af det nye pumper nyt liv ind i Brabrand. I sidste ende hj\u00e6lper det, n\u00e5r bygningerne i omr\u00e5det ikke ligner, at de var undslippet fra Sovjetunionen. Jeg har v\u00e6ret vant til at se p\u00e5 det \u2019gamle\u2019 Gellerup, og det er altid sp\u00e6ndende at se, hvad der bliver bygget op eller revet ned\u201d, siger Anders K\u00fchl.<\/p>\n<p>Silvia Adamo, som er lektor i retsvidenskab i udl\u00e6ndinge- og integrationsret, forklarer, at helhedsplanen er en m\u00e5de at l\u00f8se parallelsamfundet udvikling.<\/p>\n<p>\u201dForm\u00e5let med at identificere ghettoer er at modst\u00e5 parallelsamfundets udvikling i Danmark. N\u00e5r vi identificerer et omr\u00e5de som en ghetto, s\u00e5 fors\u00f8ger vi at modvirke, at mange ikke-vestlige indvandrere uden arbejde og uddannelse skal koncentereres i s\u00e6rlige omr\u00e5der\u201d, siger Silvia Adamo.<\/p>\n<p>&nbsp;<\/p>\n<p>&nbsp;<\/p>\n","protected":false},"excerpt":{"rendered":"<p><em>\u00a0<\/em><em>Af Sofie Harbo Overgaard og Lotte Thorb\u00f8ll Juhl <\/em><\/p>\n<p>Helhedsplanen for Gellerup-Tovesh\u00f8j er netop sat i gang af Aarhus Kommune og Brabrand Boligforening. En beboer forklarer sit syn p\u00e5,  <a href=\"https:\/\/voresbrabrand.dk\/lokalefortaellinger\/helhedsplanen-for-gellerup-toveshoej-kan-ses-som-et-middel-til-at-skabe-integration\/\">&nbsp;&raquo;&nbsp;Read more about: Helhedsplanen for Gellerup-Tovesh\u00f8j kan ses som et middel til at skabe integration &nbsp;&raquo;<\/a><\/p>\n","protected":false},"author":153,"featured_media":0,"comment_status":"open","ping_status":"closed","sticky":false,"template":"","format":"standard","meta":{"_relevanssi_hide_post":"","_relevanssi_hide_content":"","_relevanssi_pin_for_all":"","_relevanssi_pin_keywords":"","_relevanssi_unpin_keywords":"","_relevanssi_related_keywords":"","_relevanssi_related_include_ids":"","_relevanssi_related_exclude_ids":"","_relevanssi_related_no_append":"","_relevanssi_related_not_related":"","_relevanssi_related_posts":"","_relevanssi_noindex_reason":"","footnotes":""},"categories":[1,426],"tags":[487,37,9,488,157,457],"class_list":["post-3499","post","type-post","status-publish","format-standard","category-news","category-bagfacaden","tag-bagfacaden","tag-brabrand","tag-gellerup","tag-gelleruptoveshoej","tag-integration","tag-udvikling","entry","has-post-thumbnail"],"_links":{"self":[{"href":"https:\/\/voresbrabrand.dk\/lokalefortaellinger\/wp-json\/wp\/v2\/posts\/3499","targetHints":{"allow":["GET"]}}],"collection":[{"href":"https:\/\/voresbrabrand.dk\/lokalefortaellinger\/wp-json\/wp\/v2\/posts"}],"about":[{"href":"https:\/\/voresbrabrand.dk\/lokalefortaellinger\/wp-json\/wp\/v2\/types\/post"}],"author":[{"embeddable":true,"href":"https:\/\/voresbrabrand.dk\/lokalefortaellinger\/wp-json\/wp\/v2\/users\/153"}],"replies":[{"embeddable":true,"href":"https:\/\/voresbrabrand.dk\/lokalefortaellinger\/wp-json\/wp\/v2\/comments?post=3499"}],"version-history":[{"count":0,"href":"https:\/\/voresbrabrand.dk\/lokalefortaellinger\/wp-json\/wp\/v2\/posts\/3499\/revisions"}],"wp:attachment":[{"href":"https:\/\/voresbrabrand.dk\/lokalefortaellinger\/wp-json\/wp\/v2\/media?parent=3499"}],"wp:term":[{"taxonomy":"category","embeddable":true,"href":"https:\/\/voresbrabrand.dk\/lokalefortaellinger\/wp-json\/wp\/v2\/categories?post=3499"},{"taxonomy":"post_tag","embeddable":true,"href":"https:\/\/voresbrabrand.dk\/lokalefortaellinger\/wp-json\/wp\/v2\/tags?post=3499"}],"curies":[{"name":"wp","href":"https:\/\/api.w.org\/{rel}","templated":true}]}}