{"id":128,"date":"2019-10-20T11:21:20","date_gmt":"2019-10-20T09:21:20","guid":{"rendered":"https:\/\/voresbrabrand.dk\/brincksblog\/?p=128"},"modified":"2019-10-20T11:21:20","modified_gmt":"2019-10-20T09:21:20","slug":"eventyret-der-stjal-sommerferien","status":"publish","type":"post","link":"https:\/\/voresbrabrand.dk\/brincksblog\/eventyret-der-stjal-sommerferien\/","title":{"rendered":"Eventyret der stjal sommerferien\u00a0"},"content":{"rendered":"<p><b><i><span data-contrast=\"auto\">Mens de vanlige modstandere fra den hjemlige turnering gjorde sig klar til at holde sommerferie var vores fokus rettet mod nye modstandere i Europa League. Det skulle vise sig at blive en historisk sommer hvor turen gik forbi San Marino, Litauen og Schweiz. Det hele endte med\u00a0<\/span><\/i><\/b><b><i><span data-contrast=\"auto\">det bedste europ\u00e6iske resultat nogensinde for klubben<\/span><\/i><\/b><b><i><span data-contrast=\"auto\">\u00a0<\/span><\/i><\/b><b><i><span data-contrast=\"auto\">og\u00a0<\/span><\/i><\/b><b><i><span data-contrast=\"auto\">et exit i 2. Kvalifikationsrunde<\/span><\/i><\/b><b><i><span data-contrast=\"auto\">.<\/span><\/i><\/b><span data-ccp-props=\"{&quot;201341983&quot;:0,&quot;335559739&quot;:160,&quot;335559740&quot;:259}\">\u00a0<\/span><\/p>\n<p><span data-ccp-props=\"{&quot;201341983&quot;:0,&quot;335559739&quot;:160,&quot;335559740&quot;:259}\"> <img fetchpriority=\"high\" decoding=\"async\" class=\"aligncenter size-full wp-image-136\" src=\"https:\/\/voresbrabrand.dk\/brincksblog\/wp-content\/uploads\/sites\/11\/2019\/10\/1.png\" alt=\"\" width=\"941\" height=\"499\" srcset=\"https:\/\/voresbrabrand.dk\/brincksblog\/wp-content\/uploads\/sites\/11\/2019\/10\/1.png 941w, https:\/\/voresbrabrand.dk\/brincksblog\/wp-content\/uploads\/sites\/11\/2019\/10\/1-300x159.png 300w, https:\/\/voresbrabrand.dk\/brincksblog\/wp-content\/uploads\/sites\/11\/2019\/10\/1-450x239.png 450w\" sizes=\"(max-width: 941px) 100vw, 941px\" \/>\u00a0<\/span><\/p>\n<p><span data-ccp-props=\"{&quot;201341983&quot;:0,&quot;335559739&quot;:160,&quot;335559740&quot;:259}\">\u00a0<\/span><span data-contrast=\"auto\">Den f\u00f8rste modstander der ventede var Tre Fiori fra San Marino, som var et hold vi havde meget begr\u00e6nset kendskab til. I optakten til kampen, havde vi set videoklip fra bare en enkelt kamp, der var spillet 3 m\u00e5ender forinden. Vi var derfor noget usikre p\u00e5 hvad det var for en opgave der ventede os i henhold til niveau, spillere og spillestil.\u00a0<\/span><span data-contrast=\"auto\">Inden kampstart gik det op for os, at der kun var 3 spillere, fra det videomateriale vi havde, der var<\/span><span data-contrast=\"auto\">\u00a0i<\/span><span data-contrast=\"auto\">\u00a0truppen ti<\/span><span data-contrast=\"auto\">l<\/span><span data-contrast=\"auto\">\u00a0kampen. Alts\u00e5 lidt en \u00e6ndring i forhold til hvad vi havde forberedt.\u00a0<\/span><span data-ccp-props=\"{&quot;201341983&quot;:0,&quot;335559739&quot;:160,&quot;335559740&quot;:259}\">\u00a0<\/span><\/p>\n<p><span data-contrast=\"auto\">Trods de mange \u00e6ndringer og ubekendte faktorer, hold vi fokus p\u00e5 os selv og vores gameplan, hvilket gav pote.\u00a0<\/span><span data-contrast=\"auto\">Kampen endte 5-1 og vi havde sikret os en fantastisk udgangspunkt inden returkampen en uge senere.\u00a0<\/span><span data-ccp-props=\"{&quot;201341983&quot;:0,&quot;335559739&quot;:160,&quot;335559740&quot;:259}\">\u00a0<\/span><\/p>\n<p><span data-contrast=\"auto\">I og med at sommerklimaet var noget anderledes i San Marino end p\u00e5 F\u00e6r\u00f8erne (+20 graders forskel) tog vi afsted s\u00e5 tidligt at vi havde 4 dage dernede inden kamp<\/span><span data-contrast=\"auto\">en<\/span><span data-contrast=\"auto\">\u00a0for at tilpasse os\u00a0<\/span><span data-contrast=\"auto\">til\u00a0<\/span><span data-contrast=\"auto\">omst\u00e6ndighederne.\u00a0<\/span><span data-contrast=\"auto\">De ekstra dage gjorde at muligheden b\u00f8d sig for lidt sightseeing og afslapning indimellem tr\u00e6ninger, m\u00f8der og andet forberedelse.\u00a0<\/span><span data-ccp-props=\"{&quot;201341983&quot;:0,&quot;335559739&quot;:160,&quot;335559740&quot;:259}\">\u00a0<\/span><\/p>\n<p><span data-contrast=\"auto\">Selve kampen gik ganske glimrende og endte med en sikker 4-0 sejr og en samlet sejr\u00a0 p\u00e5 9-1 og videre avancement.\u00a0<\/span><span data-ccp-props=\"{&quot;201341983&quot;:0,&quot;335559739&quot;:160,&quot;335559740&quot;:259}\">\u00a0<\/span><\/p>\n<p><span data-ccp-props=\"{&quot;201341983&quot;:0,&quot;335559739&quot;:160,&quot;335559740&quot;:259}\"> <img decoding=\"async\" class=\"aligncenter size-full wp-image-135\" src=\"https:\/\/voresbrabrand.dk\/brincksblog\/wp-content\/uploads\/sites\/11\/2019\/10\/2.png\" alt=\"\" width=\"941\" height=\"440\" srcset=\"https:\/\/voresbrabrand.dk\/brincksblog\/wp-content\/uploads\/sites\/11\/2019\/10\/2.png 941w, https:\/\/voresbrabrand.dk\/brincksblog\/wp-content\/uploads\/sites\/11\/2019\/10\/2-300x140.png 300w, https:\/\/voresbrabrand.dk\/brincksblog\/wp-content\/uploads\/sites\/11\/2019\/10\/2-450x210.png 450w\" sizes=\"(max-width: 941px) 100vw, 941px\" \/><\/span><\/p>\n<p><span data-contrast=\"auto\">Den n\u00e6ste modstander var FK Riteriai fra Litauen, hvilket samtidig bet\u00f8d en tur ned i velkendte omgivelser<\/span><span data-contrast=\"auto\">.<\/span><span data-contrast=\"auto\">\u00a0<\/span><span data-contrast=\"auto\">H<\/span><span data-contrast=\"auto\">oldet havde<\/span><span data-contrast=\"auto\">\u00a0\u00e5ret forinden<\/span><span data-contrast=\"auto\">\u00a0v\u00e6ret i Vilinus for at spille mod byens andet hold &#8211; Zalgiris \u2013 der endte med at blive endestationen.\u00a0\u00a0<\/span><span data-contrast=\"auto\">Efter den komfortable sejr i f\u00f8rste runde vidste vi at det var en helt anden opgave der ventede os nu. Kendskabet var st\u00f8rre, materialet til analyser var markant for\u00f8get og vi havde et klart bedre indtryk af hvad det var for en modstander der ventede.\u00a0<\/span><span data-contrast=\"auto\">P\u00e5 papiret kunne vi se frem til en opgave som underdog uden at blive sk\u00e6nket mange chancer for at komme\u00a0<\/span><span data-contrast=\"auto\">videre.\u00a0<\/span><span data-contrast=\"auto\">P\u00e5 lige fod med den f\u00f8rste tur, s\u00e5 t<\/span><span data-contrast=\"auto\">o<\/span><span data-contrast=\"auto\">g vi afsted i god tid for at vende os til omgivelserne og varmen. Dagene op til kampen bestod prim\u00e6rt at tr\u00e6ning, hvile og mad (<\/span><span data-contrast=\"auto\">pasta<\/span><span data-contrast=\"auto\">).<\/span><span data-ccp-props=\"{&quot;201341983&quot;:0,&quot;335559739&quot;:160,&quot;335559740&quot;:259}\">\u00a0<\/span><\/p>\n<p><span data-contrast=\"auto\">Kampen endte 1-1 og vi havde sikret os et fint udgangspunkt til hjemmekampen, da vi havde f\u00e5et det vigtige udebanem\u00e5l med i bagagen.\u00a0<\/span><span data-ccp-props=\"{&quot;201341983&quot;:0,&quot;335559739&quot;:160,&quot;335559740&quot;:259}\">\u00a0<\/span><\/p>\n<p><span data-ccp-props=\"{&quot;201341983&quot;:0,&quot;335559739&quot;:160,&quot;335559740&quot;:259}\"> <img decoding=\"async\" class=\"aligncenter size-full wp-image-134\" src=\"https:\/\/voresbrabrand.dk\/brincksblog\/wp-content\/uploads\/sites\/11\/2019\/10\/3.png\" alt=\"\" width=\"941\" height=\"488\" srcset=\"https:\/\/voresbrabrand.dk\/brincksblog\/wp-content\/uploads\/sites\/11\/2019\/10\/3.png 941w, https:\/\/voresbrabrand.dk\/brincksblog\/wp-content\/uploads\/sites\/11\/2019\/10\/3-300x156.png 300w, https:\/\/voresbrabrand.dk\/brincksblog\/wp-content\/uploads\/sites\/11\/2019\/10\/3-450x233.png 450w\" sizes=\"(max-width: 941px) 100vw, 941px\" \/><\/span><\/p>\n<p><span data-contrast=\"auto\">Efter to uger med rejser og kampe, var det rart at f\u00e5 en uge hjemme. Min familie havde planlagt sommerferie i det f\u00f8r\u00e6ske og det skulle vise sig at timingen var helt perfekt da de fik mulighed for at se returkampen mod Riteriai.<\/span><span data-contrast=\"auto\">\u00a0<\/span><span data-ccp-props=\"{&quot;201341983&quot;:0,&quot;335559739&quot;:160,&quot;335559740&quot;:259}\">\u00a0<\/span><\/p>\n<p><span data-contrast=\"auto\">Med en fantastisk opbakning fra klubbens fans\u00a0<\/span><span data-contrast=\"auto\">og en vis portion h\u00e5rd fight\u00a0<\/span><span data-contrast=\"auto\">lykkedes det os at f\u00e5 0-0 p\u00e5 hjemmebanen og st\u00e5 som vindere af opg\u00f8ret. For f\u00f8rste gang i klubbens historie var der sikret billet til 2. kvalifikationsrunde.\u00a0<\/span><span data-contrast=\"auto\">En k\u00e6mpe oplevelse, og et helt s\u00e6rligt minde.\u00a0\u00a0<\/span><span data-ccp-props=\"{&quot;201341983&quot;:0,&quot;335559739&quot;:160,&quot;335559740&quot;:259}\">\u00a0<\/span><\/p>\n<p><span data-ccp-props=\"{&quot;201341983&quot;:0,&quot;335559739&quot;:160,&quot;335559740&quot;:259}\"> <img loading=\"lazy\" decoding=\"async\" class=\"aligncenter size-full wp-image-133\" src=\"https:\/\/voresbrabrand.dk\/brincksblog\/wp-content\/uploads\/sites\/11\/2019\/10\/4.png\" alt=\"\" width=\"941\" height=\"455\" srcset=\"https:\/\/voresbrabrand.dk\/brincksblog\/wp-content\/uploads\/sites\/11\/2019\/10\/4.png 941w, https:\/\/voresbrabrand.dk\/brincksblog\/wp-content\/uploads\/sites\/11\/2019\/10\/4-300x145.png 300w, https:\/\/voresbrabrand.dk\/brincksblog\/wp-content\/uploads\/sites\/11\/2019\/10\/4-450x218.png 450w\" sizes=\"(max-width: 941px) 100vw, 941px\" \/><\/span><\/p>\n<p><span data-contrast=\"auto\">Sejren bar med sig at vi kunne se frem til den 3.\u00a0<\/span><span data-contrast=\"auto\">r<\/span><span data-contrast=\"auto\">ejseuge ud af de seneste 4 uger. Lodtr\u00e6kningen sendte os til Schweiz og Luzern. Her ventede en modstander der if\u00f8lge\u00a0<\/span><a href=\"https:\/\/www.transfermarkt.dk\/\" target=\"_blank\" rel=\"noopener\"><span data-contrast=\"none\">transfermakt.d<\/span><span data-contrast=\"none\">k<\/span><\/a><span data-contrast=\"auto\">\u00a0havde en markedv\u00e6rdi p\u00e5 170 mio. kr. og alts\u00e5 betydeligt mere end vore<\/span><span data-contrast=\"auto\">s<\/span><span data-contrast=\"auto\">.\u00a0<\/span><span data-ccp-props=\"{&quot;201341983&quot;:0,&quot;335559739&quot;:160,&quot;335559740&quot;:259}\">\u00a0<\/span><\/p>\n<p><span data-contrast=\"auto\">Modstanden alene var en stor mundfuld, men samtidig kunne vi ogs\u00e5 se frem til at tage p\u00e5 tur til et land hvor der var he<\/span><span data-contrast=\"auto\">d<\/span><span data-contrast=\"auto\">eb<\/span><span data-contrast=\"auto\">\u00f8<\/span><span data-contrast=\"auto\">lge med temperaturer p\u00e5 33\/34 grader, s\u00e5 varmen ville helt afgjort ogs\u00e5 spille en faktor.<\/span><span data-contrast=\"auto\">\u00a0<\/span><span data-ccp-props=\"{&quot;201341983&quot;:0,&quot;335559739&quot;:160,&quot;335559740&quot;:259}\">\u00a0<\/span><\/p>\n<p><span data-contrast=\"auto\">Der blev p\u00e5 turen ogs\u00e5 plads til andet end bare fodbold, da vi havde en dag med sightseeing i Luzern. Landskabet og byen er en oplevelse, og klart et sted jeg vil anbefale som rejsem\u00e5l. Vi var ude at spise i centrum af Luzern, hvor b\u00e5de naturen og solen blev nydt.\u00a0<\/span><span data-ccp-props=\"{&quot;201341983&quot;:0,&quot;335559739&quot;:160,&quot;335559740&quot;:259}\">\u00a0<\/span><\/p>\n<p><span data-contrast=\"auto\">Efter vores afbr\u00e6k med sightseeing, blev fokus igen rettet mod fodbolden og den opgave der l\u00e5 og ventede forude.\u00a0<\/span><span data-contrast=\"auto\">Tr\u00e6ning, hvile og mad var de prim\u00e6re aktiviteter i dagene op til kampen.\u00a0<\/span><span data-contrast=\"auto\">Varmen satte sit helt eget pr\u00e6g p\u00e5 turen da de 34 grader virkelig kunne m\u00e6rkes da hotellet ikke havde aircondition p\u00e5 v\u00e6relserne. Det var en balancegang at f\u00e5 v\u00e6nnet sig til varmen, som vi jo kunne se frem til at spille i, og s\u00e5 at undg\u00e5 at alle kr\u00e6fterne forsvandt\u00a0<\/span><span data-contrast=\"auto\">grundet for meget ophold udend\u00f8re.\u00a0<\/span><span data-ccp-props=\"{&quot;201341983&quot;:0,&quot;335559739&quot;:160,&quot;335559740&quot;:259}\">\u00a0<\/span><\/p>\n<p><span data-ccp-props=\"{&quot;201341983&quot;:0,&quot;335559739&quot;:160,&quot;335559740&quot;:259}\"> <img loading=\"lazy\" decoding=\"async\" class=\"aligncenter size-full wp-image-132\" src=\"https:\/\/voresbrabrand.dk\/brincksblog\/wp-content\/uploads\/sites\/11\/2019\/10\/5.png\" alt=\"\" width=\"941\" height=\"490\" srcset=\"https:\/\/voresbrabrand.dk\/brincksblog\/wp-content\/uploads\/sites\/11\/2019\/10\/5.png 941w, https:\/\/voresbrabrand.dk\/brincksblog\/wp-content\/uploads\/sites\/11\/2019\/10\/5-300x156.png 300w, https:\/\/voresbrabrand.dk\/brincksblog\/wp-content\/uploads\/sites\/11\/2019\/10\/5-450x234.png 450w\" sizes=\"(max-width: 941px) 100vw, 941px\" \/><\/span><\/p>\n<p><span data-contrast=\"auto\">Kampen endte med et 1-0 nederlag p\u00e5 et m\u00e5l scoret i overtiden. Den umiddelbare skuffelse var enorm og ikke til at komme udenom. F\u00f8lelsen af at have spillet en stort set \u201cperfekt\u201d kamp, for at se det smuldre i sidste \u00f8jeblik\u00a0<\/span><span data-contrast=\"auto\">var<\/span><span data-contrast=\"auto\">\u00a0utrolig tung.\u00a0<\/span><span data-contrast=\"auto\">I en kamp hvor vi ikke var levnet mange chance, havde vi b\u00e5de mulighederne for at f\u00e5 et vitalt udebanem\u00e5l og holde Luzern fra at score. I sidste ende lykkedes intet af det, desv\u00e6rre.\u00a0<\/span><span data-ccp-props=\"{&quot;201341983&quot;:0,&quot;335559739&quot;:160,&quot;335559740&quot;:259}\">\u00a0<\/span><\/p>\n<p><span data-ccp-props=\"{&quot;201341983&quot;:0,&quot;335559739&quot;:160,&quot;335559740&quot;:259}\"><img loading=\"lazy\" decoding=\"async\" class=\"aligncenter size-full wp-image-131\" src=\"https:\/\/voresbrabrand.dk\/brincksblog\/wp-content\/uploads\/sites\/11\/2019\/10\/6.png\" alt=\"\" width=\"946\" height=\"554\" srcset=\"https:\/\/voresbrabrand.dk\/brincksblog\/wp-content\/uploads\/sites\/11\/2019\/10\/6.png 946w, https:\/\/voresbrabrand.dk\/brincksblog\/wp-content\/uploads\/sites\/11\/2019\/10\/6-300x176.png 300w, https:\/\/voresbrabrand.dk\/brincksblog\/wp-content\/uploads\/sites\/11\/2019\/10\/6-450x264.png 450w\" sizes=\"(max-width: 946px) 100vw, 946px\" \/><\/span><span data-contrast=\"auto\">At komme hjem og f\u00e5 kampen lidt p\u00e5 afstand hjalp i henhold til at f\u00e5 sat det hele lidt i perspektiv, og derved nemmere kunne tage fat i de positive elementer fra kampen. Der ventede jo ogs\u00e5 en returkamp<\/span><span data-contrast=\"auto\">.\u00a0<\/span><span data-ccp-props=\"{&quot;201341983&quot;:0,&quot;335559739&quot;:160,&quot;335559740&quot;:259}\">\u00a0<\/span><\/p>\n<p><span data-ccp-props=\"{&quot;201341983&quot;:0,&quot;335559739&quot;:160,&quot;335559740&quot;:259}\"> <img loading=\"lazy\" decoding=\"async\" class=\"aligncenter size-full wp-image-130\" src=\"https:\/\/voresbrabrand.dk\/brincksblog\/wp-content\/uploads\/sites\/11\/2019\/10\/7.png\" alt=\"\" width=\"941\" height=\"627\" srcset=\"https:\/\/voresbrabrand.dk\/brincksblog\/wp-content\/uploads\/sites\/11\/2019\/10\/7.png 941w, https:\/\/voresbrabrand.dk\/brincksblog\/wp-content\/uploads\/sites\/11\/2019\/10\/7-300x200.png 300w, https:\/\/voresbrabrand.dk\/brincksblog\/wp-content\/uploads\/sites\/11\/2019\/10\/7-450x300.png 450w\" sizes=\"(max-width: 941px) 100vw, 941px\" \/><\/span><\/p>\n<p><span data-contrast=\"auto\">Returkampen endte desv\u00e6rre ogs\u00e5 med et 1-0 nederlag og derved var vores exit fra Europa League en realitet. Igen stod vi med en f\u00f8lelse af at det var de sm\u00e5 marginaler der havde gjort udslaget.\u00a0<\/span><span data-contrast=\"auto\">Chancerne var der, indtil Luzern punkterede kampen efter en god halv time.\u00a0<\/span><span data-contrast=\"auto\">Opbakningen p\u00e5 stadion var fantastisk hele vejen igennem<\/span><span data-contrast=\"auto\">\u00a0og vi s\u00e6tter utrolig stor pris p\u00e5 st\u00f8tten.\u00a0<\/span><span data-ccp-props=\"{&quot;201341983&quot;:0,&quot;335559739&quot;:160,&quot;335559740&quot;:259}\">\u00a0<\/span><\/p>\n<p><span data-contrast=\"auto\">Samlet set har de 6 uger med Europa League v\u00e6ret en fed oplevelse, og s\u00e5 afgjort noget jeg vil se tilbage p\u00e5 med gl\u00e6de.\u00a0<\/span><span data-contrast=\"auto\">Resultaterne og det fodboldm\u00e6ssige er selvf\u00f8lgeligt det prim\u00e6re, men der har bare v\u00e6ret s\u00e5 meget mere end det. De oplevelser vi har f\u00e5et undervejs med ture rundt i byer som Paris, Luzern og Vilnius mm. h\u00f8rer ogs\u00e5 med til fort\u00e6llingen om en sommer der<\/span><span data-contrast=\"auto\">\u00a0var<\/span><span data-contrast=\"auto\">\u00a0noget anderledes end normalt.<\/span><span data-ccp-props=\"{&quot;201341983&quot;:0,&quot;335559739&quot;:160,&quot;335559740&quot;:259}\">\u00a0<\/span><\/p>\n","protected":false},"excerpt":{"rendered":"<p><i>Mens de vanlige modstandere fra den hjemlige turnering gjorde sig klar til at holde sommerferie var vores fokus rettet mod nye modstandere i Europa League. Det skulle vise sig at blive en historisk sommer hvor turen gik forbi San Marino,<\/i><\/p>\n<p>  <a href=\"https:\/\/voresbrabrand.dk\/brincksblog\/eventyret-der-stjal-sommerferien\/\">&nbsp;&raquo;&nbsp;Read more about: Eventyret der stjal sommerferien\u00a0 &nbsp;&raquo;<\/a><\/p>\n","protected":false},"author":7,"featured_media":136,"comment_status":"open","ping_status":"open","sticky":false,"template":"","format":"standard","meta":{"_relevanssi_hide_post":"","_relevanssi_hide_content":"","_relevanssi_pin_for_all":"","_relevanssi_pin_keywords":"","_relevanssi_unpin_keywords":"","_relevanssi_related_keywords":"","_relevanssi_related_include_ids":"","_relevanssi_related_exclude_ids":"","_relevanssi_related_no_append":"","_relevanssi_related_not_related":"","_relevanssi_related_posts":"","_relevanssi_noindex_reason":"","footnotes":""},"categories":[1],"tags":[14,18,16,12,9,4,8],"class_list":["post-128","post","type-post","status-publish","format-standard","has-post-thumbnail","category-news","tag-brabrand","tag-europa","tag-europa-league","tag-fodbold","tag-ki-klaksvik","tag-klaksvik","tag-sport","entry"],"_links":{"self":[{"href":"https:\/\/voresbrabrand.dk\/brincksblog\/wp-json\/wp\/v2\/posts\/128","targetHints":{"allow":["GET"]}}],"collection":[{"href":"https:\/\/voresbrabrand.dk\/brincksblog\/wp-json\/wp\/v2\/posts"}],"about":[{"href":"https:\/\/voresbrabrand.dk\/brincksblog\/wp-json\/wp\/v2\/types\/post"}],"author":[{"embeddable":true,"href":"https:\/\/voresbrabrand.dk\/brincksblog\/wp-json\/wp\/v2\/users\/7"}],"replies":[{"embeddable":true,"href":"https:\/\/voresbrabrand.dk\/brincksblog\/wp-json\/wp\/v2\/comments?post=128"}],"version-history":[{"count":0,"href":"https:\/\/voresbrabrand.dk\/brincksblog\/wp-json\/wp\/v2\/posts\/128\/revisions"}],"wp:featuredmedia":[{"embeddable":true,"href":"https:\/\/voresbrabrand.dk\/brincksblog\/wp-json\/wp\/v2\/media\/136"}],"wp:attachment":[{"href":"https:\/\/voresbrabrand.dk\/brincksblog\/wp-json\/wp\/v2\/media?parent=128"}],"wp:term":[{"taxonomy":"category","embeddable":true,"href":"https:\/\/voresbrabrand.dk\/brincksblog\/wp-json\/wp\/v2\/categories?post=128"},{"taxonomy":"post_tag","embeddable":true,"href":"https:\/\/voresbrabrand.dk\/brincksblog\/wp-json\/wp\/v2\/tags?post=128"}],"curies":[{"name":"wp","href":"https:\/\/api.w.org\/{rel}","templated":true}]}}